{"id":37992,"date":"2026-04-27T11:59:26","date_gmt":"2026-04-27T09:59:26","guid":{"rendered":"https:\/\/aldaia.es\/noticias\/?p=37992"},"modified":"2026-04-27T11:59:28","modified_gmt":"2026-04-27T09:59:28","slug":"aldaia-dona-la-benvinguda-a-lalumnat-de-jove-oportunitat","status":"publish","type":"post","link":"https:\/\/aldaia.es\/noticias\/aldaia-dona-la-benvinguda-a-lalumnat-de-jove-oportunitat\/","title":{"rendered":"Aldaia dona la benvinguda a l&#8217;alumnat de Jove Oportunitat"},"content":{"rendered":"\n<p><strong>Jove Oportunitat JOOP \u00e9s un programa d&#8217;inserci\u00f3 acad\u00e8mica i laboral per a j\u00f3vens d&#8217;entre 16 i 21 anys que ni estudien ni treballen<\/strong><\/p>\n\n\n\n<p><strong>Aldaia, 31 de mar\u00e7 de 2026.<\/strong> L&#8217;Ajuntament d&#8217;Aldaia va donar la benvinguda als j\u00f3vens d&#8217;Aldaia que formaran part del programa &#8216;Jove Oportunitat&#8217; JOOP durant els pr\u00f2xims mesos, els qui es van mostrar \u201cmolt il\u00b7lusionats\u201d amb esta nova etapa, i \u201camb la il\u00b7lusi\u00f3 de poder obrir noves expectatives formatives i laborals\u201d. Per part seua, tant l&#8217;alcalde, Guillermo Luj\u00e1n, com el regidor de joventut, Sergio G\u00f3mez, al costat del personal t\u00e8cnic, van animar als participants a \u201caprofitar al m\u00e0xim este per\u00edode d&#8217;aprenentatge\u201d.<\/p>\n\n\n\n<p>El consistori local, conjuntament amb l&#8217;Institut Valenci\u00e0 de la Joventut (IVAJ), impulsa esta iniciativa gratu\u00efta de segona oportunitat, cofinan\u00e7ada pel Fons Social Europeu i la Generalitat Valenciana. Est\u00e0 dirigit a j\u00f3vens d&#8217;entre 16 i 21 anys del municipi que hagen abandonat els estudis o necessiten orientaci\u00f3 per a reprendre la seua formaci\u00f3. L&#8217;objectiu principal \u00e9s reduir l&#8217;aband\u00f3 educatiu primerenc i acompanyar als j\u00f3vens perqu\u00e8 puguen avan\u00e7ar en els seus estudis.<\/p>\n\n\n\n<p>Aix\u00ed, el JOOP els oferix orientaci\u00f3 personal i professional, una intervenci\u00f3 que treballe sobre la seua motivaci\u00f3, reforce la seua autoestima i els ajude a construir un projecte integral de vida, classes grupals i individuals per a millorar l&#8217;autoestima i la motivaci\u00f3, descobriment de vocacions, visites a empreses i preparaci\u00f3 acad\u00e8mica per a prova d&#8217;acc\u00e9s a fP de Grau Mitj\u00e0, obtenci\u00f3 del t\u00edtol d&#8217;ESO i certificats de professionalitat. A m\u00e9s, l&#8217;alumnat pot accedir a refor\u00e7 en angl\u00e9s i compet\u00e8ncies digitals, dos conviv\u00e8ncies d&#8217;oci educatiu i seguiment despr\u00e9s de la reincorporaci\u00f3 en els estudis. El programa est\u00e0 dissenyat per a motivar i orientar als j\u00f3vens a trav\u00e9s del coaching actitudinal des d&#8217;un enfocament pr\u00e0ctic.<\/p>\n\n\n\n<p><strong>Aldaia incorpora a 40 persones a trav\u00e9s del Pla d&#8217;Ocupaci\u00f3 DANA<\/strong><\/p>\n\n\n\n<p>L&#8217;Ajuntament d&#8217;Aldaia ha donat la benvinguda a les 40 persones que s&#8217;han incorporat a la plantilla municipal a trav\u00e9s del segon Pla d&#8217;Ocupaci\u00f3 DANA Ocupaci\u00f3, una iniciativa del Ministeri de Treball que suposa un bal\u00f3 d&#8217;oxigen per als municipis afectats per la riuada del passat 29 d&#8217;octubre de 2024 i que es troben en ple proc\u00e9s de reconstrucci\u00f3. En concret, Aldaia incorpora a perfils molt diversos entre els quals hi ha agents c\u00edvics, bibliotecaris, administratius, una treballadora social i oficials de pintura, construcci\u00f3, lampisteria, jardineria o electricitat.<\/p>\n\n\n\n<p>L&#8217;alcalde d&#8217;Aldaia, Guillermo Luj\u00e1n, acompanyat els els regidors del ram i el personal t\u00e8cnic, va donar la benvinguda a les noves incorporacions en la sala d&#8217;actes de l&#8217;Ag\u00e8ncia de Desenrotllament Local de lAldaia, els va mostrar la seua gratitud per la labor \u201ctan important\u201d que exerciran \u201cen una etapa tan complicada per a tots com \u00e9s la de la recuperaci\u00f3 post DANA en la qual totes i cada una de les aportacions s\u00f3n clau\u201d i els va animar \u201ca continuar aprenent i formant-se per a progressar i continuar millorant laboralment en el futur\u201d.<br>Les persones incorporades han sigut seleccionades pel Servici Valenci\u00e0 d&#8217;Ocupaci\u00f3 i Formaci\u00f3 LABORA entre els seus inscrits com a demandants d&#8217;ocupaci\u00f3 atesos els perfils requerits per l&#8217;Ajuntament d&#8217;Aldaia.<\/p>\n\n\n\n<p>La convocat\u00f2ria per a la concessi\u00f3 de subvencions destinades al finan\u00e7ament del Pla d&#8217;Ocupaci\u00f3 DANA Ocupaci\u00f3 \u00e9s una iniciativa del Ministeri de Treball i Economia Social. Este programa \u00e9s gestionat pel Servici P\u00fablic d&#8217;Ocupaci\u00f3 Estatal i t\u00e9 com a objectiu generar ocupaci\u00f3, reconstruir les zones afectades per la barrancada i dinamitzar la seua economia. Este projecte s&#8217;emmarca en l&#8217;Addenda DANA, una modificaci\u00f3 del Pla de Recuperaci\u00f3, Transformaci\u00f3 i Resili\u00e8ncia per a respondre als greus danys causats per la riuada d&#8217;octubre de 2024. El Pla d&#8217;Ocupaci\u00f3 DANA Ocupaci\u00f3 t\u00e9 una doble finalitat, no sols reparar els danys materials del temporal, sin\u00f3 tamb\u00e9 oferir oportunitats laborals i impulsar el desenrotllament de les comunitats afectades. Estes contractacions permetran desenrotllar obres i servicis d&#8217;inter\u00e9s general i social en \u00e0rees com a infraestructures comunit\u00e0ries, edificacions p\u00fabliques i industrials, espais verds i vivenda: recuperaci\u00f3 de parcs, zones urbanes, vivendes socials, servicis comunitaris, servicis socials: atenci\u00f3 a majors, persones amb discapacitat, j\u00f3vens amb dificultats, col\u00b7lectius en risc d&#8217;exclusi\u00f3 o dinamitzaci\u00f3 cultural i esportiva.<\/p>\n\n\n\n<p><\/p>\n","protected":false},"excerpt":{"rendered":"<p>Jove Oportunitat JOOP \u00e9s un programa d&#8217;inserci\u00f3 acad\u00e8mica i laboral per a j\u00f3vens d&#8217;entre 16 i 21 anys que ni &#8230;<\/p>\n","protected":false},"author":2,"featured_media":37993,"comment_status":"closed","ping_status":"closed","sticky":false,"template":"","format":"standard","meta":{"_acf_changed":false,"footnotes":""},"categories":[55],"tags":[],"class_list":["post-37992","post","type-post","status-publish","format-standard","has-post-thumbnail","hentry","category-joventut"],"acf":[],"yoast_head":"<!-- This site is optimized with the Yoast SEO plugin v26.9 - https:\/\/yoast.com\/product\/yoast-seo-wordpress\/ -->\n<title>Aldaia dona la benvinguda a l&#039;alumnat de Jove Oportunitat - Not\u00edcies - Ajuntament d&#039;Aldaia<\/title>\n<meta name=\"robots\" content=\"index, follow, max-snippet:-1, max-image-preview:large, max-video-preview:-1\" \/>\n<link rel=\"canonical\" href=\"https:\/\/aldaia.es\/noticias\/aldaia-dona-la-benvinguda-a-lalumnat-de-jove-oportunitat\/\" \/>\n<meta property=\"og:locale\" content=\"ca_ES\" \/>\n<meta property=\"og:type\" content=\"article\" \/>\n<meta property=\"og:title\" content=\"Aldaia dona la benvinguda a l&#039;alumnat de Jove Oportunitat - Not\u00edcies - Ajuntament d&#039;Aldaia\" \/>\n<meta property=\"og:description\" content=\"Jove Oportunitat JOOP \u00e9s un programa d&#8217;inserci\u00f3 acad\u00e8mica i laboral per a j\u00f3vens d&#8217;entre 16 i 21 anys que ni ...\" \/>\n<meta property=\"og:url\" content=\"https:\/\/aldaia.es\/noticias\/aldaia-dona-la-benvinguda-a-lalumnat-de-jove-oportunitat\/\" \/>\n<meta property=\"og:site_name\" content=\"Not\u00edcies - Ajuntament d&#039;Aldaia\" \/>\n<meta property=\"article:published_time\" content=\"2026-04-27T09:59:26+00:00\" \/>\n<meta property=\"article:modified_time\" content=\"2026-04-27T09:59:28+00:00\" \/>\n<meta property=\"og:image\" content=\"https:\/\/aldaia.es\/noticias\/wp-content\/uploads\/2026\/04\/JOop.jpeg\" \/>\n\t<meta property=\"og:image:width\" content=\"2000\" \/>\n\t<meta property=\"og:image:height\" content=\"1500\" \/>\n\t<meta property=\"og:image:type\" content=\"image\/jpeg\" \/>\n<meta name=\"author\" content=\"prensa\" \/>\n<meta name=\"twitter:card\" content=\"summary_large_image\" \/>\n<meta name=\"twitter:label1\" content=\"Escrit per\" \/>\n\t<meta name=\"twitter:data1\" content=\"prensa\" \/>\n\t<meta name=\"twitter:label2\" content=\"Temps estimat de lectura\" \/>\n\t<meta name=\"twitter:data2\" content=\"4 minuts\" \/>\n<script type=\"application\/ld+json\" class=\"yoast-schema-graph\">{\"@context\":\"https:\/\/schema.org\",\"@graph\":[{\"@type\":\"Article\",\"@id\":\"https:\/\/aldaia.es\/noticias\/aldaia-dona-la-benvinguda-a-lalumnat-de-jove-oportunitat\/#article\",\"isPartOf\":{\"@id\":\"https:\/\/aldaia.es\/noticias\/aldaia-dona-la-benvinguda-a-lalumnat-de-jove-oportunitat\/\"},\"author\":{\"name\":\"prensa\",\"@id\":\"https:\/\/aldaia.es\/noticias\/#\/schema\/person\/736bf474749673d55971dc81c4553f7e\"},\"headline\":\"Aldaia dona la benvinguda a l&#8217;alumnat de Jove Oportunitat\",\"datePublished\":\"2026-04-27T09:59:26+00:00\",\"dateModified\":\"2026-04-27T09:59:28+00:00\",\"mainEntityOfPage\":{\"@id\":\"https:\/\/aldaia.es\/noticias\/aldaia-dona-la-benvinguda-a-lalumnat-de-jove-oportunitat\/\"},\"wordCount\":754,\"publisher\":{\"@id\":\"https:\/\/aldaia.es\/noticias\/#organization\"},\"image\":{\"@id\":\"https:\/\/aldaia.es\/noticias\/aldaia-dona-la-benvinguda-a-lalumnat-de-jove-oportunitat\/#primaryimage\"},\"thumbnailUrl\":\"https:\/\/aldaia.es\/noticias\/wp-content\/uploads\/2026\/04\/JOop.jpeg\",\"articleSection\":[\"Joventut\"],\"inLanguage\":\"ca\"},{\"@type\":\"WebPage\",\"@id\":\"https:\/\/aldaia.es\/noticias\/aldaia-dona-la-benvinguda-a-lalumnat-de-jove-oportunitat\/\",\"url\":\"https:\/\/aldaia.es\/noticias\/aldaia-dona-la-benvinguda-a-lalumnat-de-jove-oportunitat\/\",\"name\":\"Aldaia dona la benvinguda a l'alumnat de Jove Oportunitat - Not\u00edcies - Ajuntament d&#039;Aldaia\",\"isPartOf\":{\"@id\":\"https:\/\/aldaia.es\/noticias\/#website\"},\"primaryImageOfPage\":{\"@id\":\"https:\/\/aldaia.es\/noticias\/aldaia-dona-la-benvinguda-a-lalumnat-de-jove-oportunitat\/#primaryimage\"},\"image\":{\"@id\":\"https:\/\/aldaia.es\/noticias\/aldaia-dona-la-benvinguda-a-lalumnat-de-jove-oportunitat\/#primaryimage\"},\"thumbnailUrl\":\"https:\/\/aldaia.es\/noticias\/wp-content\/uploads\/2026\/04\/JOop.jpeg\",\"datePublished\":\"2026-04-27T09:59:26+00:00\",\"dateModified\":\"2026-04-27T09:59:28+00:00\",\"breadcrumb\":{\"@id\":\"https:\/\/aldaia.es\/noticias\/aldaia-dona-la-benvinguda-a-lalumnat-de-jove-oportunitat\/#breadcrumb\"},\"inLanguage\":\"ca\",\"potentialAction\":[{\"@type\":\"ReadAction\",\"target\":[\"https:\/\/aldaia.es\/noticias\/aldaia-dona-la-benvinguda-a-lalumnat-de-jove-oportunitat\/\"]}]},{\"@type\":\"ImageObject\",\"inLanguage\":\"ca\",\"@id\":\"https:\/\/aldaia.es\/noticias\/aldaia-dona-la-benvinguda-a-lalumnat-de-jove-oportunitat\/#primaryimage\",\"url\":\"https:\/\/aldaia.es\/noticias\/wp-content\/uploads\/2026\/04\/JOop.jpeg\",\"contentUrl\":\"https:\/\/aldaia.es\/noticias\/wp-content\/uploads\/2026\/04\/JOop.jpeg\",\"width\":2000,\"height\":1500},{\"@type\":\"BreadcrumbList\",\"@id\":\"https:\/\/aldaia.es\/noticias\/aldaia-dona-la-benvinguda-a-lalumnat-de-jove-oportunitat\/#breadcrumb\",\"itemListElement\":[{\"@type\":\"ListItem\",\"position\":1,\"name\":\"Portada\",\"item\":\"https:\/\/aldaia.es\/noticias\/\"},{\"@type\":\"ListItem\",\"position\":2,\"name\":\"Aldaia dona la benvinguda a l&#8217;alumnat de Jove Oportunitat\"}]},{\"@type\":\"WebSite\",\"@id\":\"https:\/\/aldaia.es\/noticias\/#website\",\"url\":\"https:\/\/aldaia.es\/noticias\/\",\"name\":\"Noticias Aldaia\",\"description\":\"\",\"publisher\":{\"@id\":\"https:\/\/aldaia.es\/noticias\/#organization\"},\"potentialAction\":[{\"@type\":\"SearchAction\",\"target\":{\"@type\":\"EntryPoint\",\"urlTemplate\":\"https:\/\/aldaia.es\/noticias\/?s={search_term_string}\"},\"query-input\":{\"@type\":\"PropertyValueSpecification\",\"valueRequired\":true,\"valueName\":\"search_term_string\"}}],\"inLanguage\":\"ca\"},{\"@type\":\"Organization\",\"@id\":\"https:\/\/aldaia.es\/noticias\/#organization\",\"name\":\"Noticias Aldaia\",\"url\":\"https:\/\/aldaia.es\/noticias\/\",\"logo\":{\"@type\":\"ImageObject\",\"inLanguage\":\"ca\",\"@id\":\"https:\/\/aldaia.es\/noticias\/#\/schema\/logo\/image\/\",\"url\":\"https:\/\/aldaia.es\/noticias\/wp-content\/uploads\/2025\/05\/aldaia-noticias.jpg\",\"contentUrl\":\"https:\/\/aldaia.es\/noticias\/wp-content\/uploads\/2025\/05\/aldaia-noticias.jpg\",\"width\":512,\"height\":512,\"caption\":\"Noticias Aldaia\"},\"image\":{\"@id\":\"https:\/\/aldaia.es\/noticias\/#\/schema\/logo\/image\/\"}},{\"@type\":\"Person\",\"@id\":\"https:\/\/aldaia.es\/noticias\/#\/schema\/person\/736bf474749673d55971dc81c4553f7e\",\"name\":\"prensa\",\"url\":\"https:\/\/aldaia.es\/noticias\/author\/prensa\/\"}]}<\/script>\n<!-- \/ Yoast SEO plugin. -->","yoast_head_json":{"title":"Aldaia dona la benvinguda a l'alumnat de Jove Oportunitat - Not\u00edcies - Ajuntament d&#039;Aldaia","robots":{"index":"index","follow":"follow","max-snippet":"max-snippet:-1","max-image-preview":"max-image-preview:large","max-video-preview":"max-video-preview:-1"},"canonical":"https:\/\/aldaia.es\/noticias\/aldaia-dona-la-benvinguda-a-lalumnat-de-jove-oportunitat\/","og_locale":"ca_ES","og_type":"article","og_title":"Aldaia dona la benvinguda a l'alumnat de Jove Oportunitat - Not\u00edcies - Ajuntament d&#039;Aldaia","og_description":"Jove Oportunitat JOOP \u00e9s un programa d&#8217;inserci\u00f3 acad\u00e8mica i laboral per a j\u00f3vens d&#8217;entre 16 i 21 anys que ni ...","og_url":"https:\/\/aldaia.es\/noticias\/aldaia-dona-la-benvinguda-a-lalumnat-de-jove-oportunitat\/","og_site_name":"Not\u00edcies - Ajuntament d&#039;Aldaia","article_published_time":"2026-04-27T09:59:26+00:00","article_modified_time":"2026-04-27T09:59:28+00:00","og_image":[{"width":2000,"height":1500,"url":"https:\/\/aldaia.es\/noticias\/wp-content\/uploads\/2026\/04\/JOop.jpeg","type":"image\/jpeg"}],"author":"prensa","twitter_card":"summary_large_image","twitter_misc":{"Escrit per":"prensa","Temps estimat de lectura":"4 minuts"},"schema":{"@context":"https:\/\/schema.org","@graph":[{"@type":"Article","@id":"https:\/\/aldaia.es\/noticias\/aldaia-dona-la-benvinguda-a-lalumnat-de-jove-oportunitat\/#article","isPartOf":{"@id":"https:\/\/aldaia.es\/noticias\/aldaia-dona-la-benvinguda-a-lalumnat-de-jove-oportunitat\/"},"author":{"name":"prensa","@id":"https:\/\/aldaia.es\/noticias\/#\/schema\/person\/736bf474749673d55971dc81c4553f7e"},"headline":"Aldaia dona la benvinguda a l&#8217;alumnat de Jove Oportunitat","datePublished":"2026-04-27T09:59:26+00:00","dateModified":"2026-04-27T09:59:28+00:00","mainEntityOfPage":{"@id":"https:\/\/aldaia.es\/noticias\/aldaia-dona-la-benvinguda-a-lalumnat-de-jove-oportunitat\/"},"wordCount":754,"publisher":{"@id":"https:\/\/aldaia.es\/noticias\/#organization"},"image":{"@id":"https:\/\/aldaia.es\/noticias\/aldaia-dona-la-benvinguda-a-lalumnat-de-jove-oportunitat\/#primaryimage"},"thumbnailUrl":"https:\/\/aldaia.es\/noticias\/wp-content\/uploads\/2026\/04\/JOop.jpeg","articleSection":["Joventut"],"inLanguage":"ca"},{"@type":"WebPage","@id":"https:\/\/aldaia.es\/noticias\/aldaia-dona-la-benvinguda-a-lalumnat-de-jove-oportunitat\/","url":"https:\/\/aldaia.es\/noticias\/aldaia-dona-la-benvinguda-a-lalumnat-de-jove-oportunitat\/","name":"Aldaia dona la benvinguda a l'alumnat de Jove Oportunitat - Not\u00edcies - Ajuntament d&#039;Aldaia","isPartOf":{"@id":"https:\/\/aldaia.es\/noticias\/#website"},"primaryImageOfPage":{"@id":"https:\/\/aldaia.es\/noticias\/aldaia-dona-la-benvinguda-a-lalumnat-de-jove-oportunitat\/#primaryimage"},"image":{"@id":"https:\/\/aldaia.es\/noticias\/aldaia-dona-la-benvinguda-a-lalumnat-de-jove-oportunitat\/#primaryimage"},"thumbnailUrl":"https:\/\/aldaia.es\/noticias\/wp-content\/uploads\/2026\/04\/JOop.jpeg","datePublished":"2026-04-27T09:59:26+00:00","dateModified":"2026-04-27T09:59:28+00:00","breadcrumb":{"@id":"https:\/\/aldaia.es\/noticias\/aldaia-dona-la-benvinguda-a-lalumnat-de-jove-oportunitat\/#breadcrumb"},"inLanguage":"ca","potentialAction":[{"@type":"ReadAction","target":["https:\/\/aldaia.es\/noticias\/aldaia-dona-la-benvinguda-a-lalumnat-de-jove-oportunitat\/"]}]},{"@type":"ImageObject","inLanguage":"ca","@id":"https:\/\/aldaia.es\/noticias\/aldaia-dona-la-benvinguda-a-lalumnat-de-jove-oportunitat\/#primaryimage","url":"https:\/\/aldaia.es\/noticias\/wp-content\/uploads\/2026\/04\/JOop.jpeg","contentUrl":"https:\/\/aldaia.es\/noticias\/wp-content\/uploads\/2026\/04\/JOop.jpeg","width":2000,"height":1500},{"@type":"BreadcrumbList","@id":"https:\/\/aldaia.es\/noticias\/aldaia-dona-la-benvinguda-a-lalumnat-de-jove-oportunitat\/#breadcrumb","itemListElement":[{"@type":"ListItem","position":1,"name":"Portada","item":"https:\/\/aldaia.es\/noticias\/"},{"@type":"ListItem","position":2,"name":"Aldaia dona la benvinguda a l&#8217;alumnat de Jove Oportunitat"}]},{"@type":"WebSite","@id":"https:\/\/aldaia.es\/noticias\/#website","url":"https:\/\/aldaia.es\/noticias\/","name":"Noticias Aldaia","description":"","publisher":{"@id":"https:\/\/aldaia.es\/noticias\/#organization"},"potentialAction":[{"@type":"SearchAction","target":{"@type":"EntryPoint","urlTemplate":"https:\/\/aldaia.es\/noticias\/?s={search_term_string}"},"query-input":{"@type":"PropertyValueSpecification","valueRequired":true,"valueName":"search_term_string"}}],"inLanguage":"ca"},{"@type":"Organization","@id":"https:\/\/aldaia.es\/noticias\/#organization","name":"Noticias Aldaia","url":"https:\/\/aldaia.es\/noticias\/","logo":{"@type":"ImageObject","inLanguage":"ca","@id":"https:\/\/aldaia.es\/noticias\/#\/schema\/logo\/image\/","url":"https:\/\/aldaia.es\/noticias\/wp-content\/uploads\/2025\/05\/aldaia-noticias.jpg","contentUrl":"https:\/\/aldaia.es\/noticias\/wp-content\/uploads\/2025\/05\/aldaia-noticias.jpg","width":512,"height":512,"caption":"Noticias Aldaia"},"image":{"@id":"https:\/\/aldaia.es\/noticias\/#\/schema\/logo\/image\/"}},{"@type":"Person","@id":"https:\/\/aldaia.es\/noticias\/#\/schema\/person\/736bf474749673d55971dc81c4553f7e","name":"prensa","url":"https:\/\/aldaia.es\/noticias\/author\/prensa\/"}]}},"_links":{"self":[{"href":"https:\/\/aldaia.es\/noticias\/wp-json\/wp\/v2\/posts\/37992","targetHints":{"allow":["GET"]}}],"collection":[{"href":"https:\/\/aldaia.es\/noticias\/wp-json\/wp\/v2\/posts"}],"about":[{"href":"https:\/\/aldaia.es\/noticias\/wp-json\/wp\/v2\/types\/post"}],"author":[{"embeddable":true,"href":"https:\/\/aldaia.es\/noticias\/wp-json\/wp\/v2\/users\/2"}],"replies":[{"embeddable":true,"href":"https:\/\/aldaia.es\/noticias\/wp-json\/wp\/v2\/comments?post=37992"}],"version-history":[{"count":1,"href":"https:\/\/aldaia.es\/noticias\/wp-json\/wp\/v2\/posts\/37992\/revisions"}],"predecessor-version":[{"id":37995,"href":"https:\/\/aldaia.es\/noticias\/wp-json\/wp\/v2\/posts\/37992\/revisions\/37995"}],"wp:featuredmedia":[{"embeddable":true,"href":"https:\/\/aldaia.es\/noticias\/wp-json\/wp\/v2\/media\/37993"}],"wp:attachment":[{"href":"https:\/\/aldaia.es\/noticias\/wp-json\/wp\/v2\/media?parent=37992"}],"wp:term":[{"taxonomy":"category","embeddable":true,"href":"https:\/\/aldaia.es\/noticias\/wp-json\/wp\/v2\/categories?post=37992"},{"taxonomy":"post_tag","embeddable":true,"href":"https:\/\/aldaia.es\/noticias\/wp-json\/wp\/v2\/tags?post=37992"}],"curies":[{"name":"wp","href":"https:\/\/api.w.org\/{rel}","templated":true}]}}